{"id":10412,"date":"2019-05-30T09:04:44","date_gmt":"2019-05-30T09:04:44","guid":{"rendered":"https:\/\/humboldt.es\/?p=10412"},"modified":"2019-05-30T09:04:44","modified_gmt":"2019-05-30T09:04:44","slug":"cursos-dalemany-que-milloraran-la-teva-gramatica","status":"publish","type":"post","link":"https:\/\/humboldt.es\/ca\/cursos-dalemany-que-milloraran-la-teva-gramatica\/","title":{"rendered":"Cursos d&#8217;alemany que milloraran la teva gram\u00e0tica"},"content":{"rendered":"<p>Cuando pensamos en la lengua alemana, a muchos se nos vienen a la cabeza estereotipos m\u00e1s o menos jocosos, y generalmente poco acertados. \u00bfQui\u00e9n no conoce el chiste del autob\u00fas en alem\u00e1n, tambi\u00e9n conocido como <em>subanestrujenbajen<\/em>? O aquel famoso meme de c\u00f3mo pedir disculpas en varios idiomas, donde el alem\u00e1n destacaba con el casi malsonante <em>Entschuldigung<\/em>, para el que parec\u00eda requisito indispensable poner cara de mala leche.<\/p>\n<p>Nada m\u00e1s lejos de la realidad. Para empezar, lo cre\u00e1is o no, en alem\u00e1n el autob\u00fas sigue siendo <em>der Bus. <\/em>Masculino, como en espa\u00f1ol, que es algo de agradecer en una lengua con tres g\u00e9neros que no suelen corresponder con las lenguas rom\u00e1nicas. Y os garantizo que es posible disculparse con una sonrisa, aunque la palabra para ello tenga m\u00e1s de una docena de letras.<\/p>\n<p>Quienes llevamos estudiando con empe\u00f1o el ingl\u00e9s desde peque\u00f1os, cuando nos explicaron que el alem\u00e1n \u2018se escribe como se habla\u2019, y que las dificultades de ortograf\u00eda son m\u00ednimas, casi nos pusimos a llorar de alegr\u00eda. <em>\u00bfQue si veo una A pronuncio una A? \u00bfEn serio? \u00bfY la di\u00e9resis \u00e9sa es solamente para eso? \u00a1No!<\/em><\/p>\n<p>A medida que se aprende en la <strong>escuela de alem\u00e1n<\/strong>, se encuentran similitudes con el ingl\u00e9s, con el catal\u00e1n y con el espa\u00f1ol, y a partir de ah\u00ed, no es para tanto. Si tuvisteis la suerte de aprender lat\u00edn, los casos parecer\u00e1n viejos amigos \u2013y si no, a\u00fan nos quedar\u00e1 el objeto directo e indirecto, que ya es algo-. Aunque parezca un contrasentido, la gran ventaja del alem\u00e1n es su complejidad, equiparable a la del espa\u00f1ol. Construir frases es como construir una pared, con ladrillos de diferentes colores para los que (casi) siempre hay asignado un lugar, algo tan reconfortante como construir un puzle.<\/p>\n<p>En nuestros cursos para <strong>aprender alem\u00e1n <\/strong>en ABCHumboldt se combinan eficazmente todos los factores necesarios para un aprendizaje eficaz: clases amenas y comunicativas, con interesantes contenidos culturales, que adem\u00e1s aportan una buena base gramatical sobre la que ir construyendo el idioma. En este caso, las \u2018paredes\u2019 de tu nueva casa alemana. As\u00ed que si quieres <strong>aprender alem\u00e1n en Barcelona<\/strong> \u00a1ya sabes d\u00f3nde encontrar la mejor manera!<\/p>\n<p><em>Auf wiedersehen!<\/em><\/p>\n<p style=\"text-align: left;\"><a class=\"light dark button\" href=\"http:\/\/www.abchumboldt.com\/idiomas-para-particulares\/\">Ir a cursos de alem\u00e1n<\/a><\/p>\n<hr \/>\n<p style=\"text-align: right;\">\n","protected":false},"excerpt":{"rendered":"<p>Cuando pensamos en la lengua alemana, a muchos se nos vienen a la cabeza estereotipos m\u00e1s o menos jocosos, y generalmente poco acertados. \u00bfQui\u00e9n no [&hellip;]<\/p>\n","protected":false},"author":1,"featured_media":0,"comment_status":"open","ping_status":"open","sticky":false,"template":"","format":"standard","meta":[],"categories":[100],"tags":[],"yoast_head":"<!-- This site is optimized with the Yoast SEO plugin v15.9.1 - https:\/\/yoast.com\/wordpress\/plugins\/seo\/ -->\n<title>Cursos d&#039;alemany que milloraran la teva gram\u00e0tica | Humboldt<\/title>\n<meta name=\"robots\" content=\"index, follow, max-snippet:-1, max-image-preview:large, max-video-preview:-1\" \/>\n<link rel=\"canonical\" href=\"https:\/\/humboldt.es\/ca\/cursos-dalemany-que-milloraran-la-teva-gramatica\/\" \/>\n<meta property=\"og:locale\" content=\"ca_ES\" \/>\n<meta property=\"og:type\" content=\"article\" \/>\n<meta property=\"og:title\" content=\"Cursos d&#039;alemany que milloraran la teva gram\u00e0tica | Humboldt\" \/>\n<meta property=\"og:description\" content=\"Cuando pensamos en la lengua alemana, a muchos se nos vienen a la cabeza estereotipos m\u00e1s o menos jocosos, y generalmente poco acertados. \u00bfQui\u00e9n no [&hellip;]\" \/>\n<meta property=\"og:url\" content=\"https:\/\/humboldt.es\/ca\/cursos-dalemany-que-milloraran-la-teva-gramatica\/\" \/>\n<meta property=\"og:site_name\" content=\"Humboldt\" \/>\n<meta property=\"article:published_time\" content=\"2019-05-30T09:04:44+00:00\" \/>\n<meta name=\"twitter:card\" content=\"summary_large_image\" \/>\n<meta name=\"twitter:label1\" content=\"Est. reading time\">\n\t<meta name=\"twitter:data1\" content=\"2 minutes\">\n<script type=\"application\/ld+json\" class=\"yoast-schema-graph\">{\"@context\":\"https:\/\/schema.org\",\"@graph\":[{\"@type\":\"WebSite\",\"@id\":\"https:\/\/humboldt.es\/#website\",\"url\":\"https:\/\/humboldt.es\/\",\"name\":\"Humboldt\",\"description\":\"Centro de formaci\\u00f3n de idiomas en Barcelona\",\"potentialAction\":[{\"@type\":\"SearchAction\",\"target\":\"https:\/\/humboldt.es\/?s={search_term_string}\",\"query-input\":\"required name=search_term_string\"}],\"inLanguage\":\"ca\"},{\"@type\":\"WebPage\",\"@id\":\"https:\/\/humboldt.es\/ca\/cursos-dalemany-que-milloraran-la-teva-gramatica\/#webpage\",\"url\":\"https:\/\/humboldt.es\/ca\/cursos-dalemany-que-milloraran-la-teva-gramatica\/\",\"name\":\"Cursos d'alemany que milloraran la teva gram\\u00e0tica | Humboldt\",\"isPartOf\":{\"@id\":\"https:\/\/humboldt.es\/#website\"},\"datePublished\":\"2019-05-30T09:04:44+00:00\",\"dateModified\":\"2019-05-30T09:04:44+00:00\",\"author\":{\"@id\":\"https:\/\/humboldt.es\/#\/schema\/person\/fec3cad51e54cea184f39d1bdfbcdf60\"},\"breadcrumb\":{\"@id\":\"https:\/\/humboldt.es\/ca\/cursos-dalemany-que-milloraran-la-teva-gramatica\/#breadcrumb\"},\"inLanguage\":\"ca\",\"potentialAction\":[{\"@type\":\"ReadAction\",\"target\":[\"https:\/\/humboldt.es\/ca\/cursos-dalemany-que-milloraran-la-teva-gramatica\/\"]}]},{\"@type\":\"BreadcrumbList\",\"@id\":\"https:\/\/humboldt.es\/ca\/cursos-dalemany-que-milloraran-la-teva-gramatica\/#breadcrumb\",\"itemListElement\":[{\"@type\":\"ListItem\",\"position\":1,\"item\":{\"@type\":\"WebPage\",\"@id\":\"https:\/\/humboldt.es\/ca\/\",\"url\":\"https:\/\/humboldt.es\/ca\/\",\"name\":\"Portada\"}},{\"@type\":\"ListItem\",\"position\":2,\"item\":{\"@type\":\"WebPage\",\"@id\":\"https:\/\/humboldt.es\/ca\/cursos-dalemany-que-milloraran-la-teva-gramatica\/\",\"url\":\"https:\/\/humboldt.es\/ca\/cursos-dalemany-que-milloraran-la-teva-gramatica\/\",\"name\":\"Cursos d&#8217;alemany que milloraran la teva gram\\u00e0tica\"}}]},{\"@type\":\"Person\",\"@id\":\"https:\/\/humboldt.es\/#\/schema\/person\/fec3cad51e54cea184f39d1bdfbcdf60\",\"name\":\"enfusion\",\"image\":{\"@type\":\"ImageObject\",\"@id\":\"https:\/\/humboldt.es\/#personlogo\",\"inLanguage\":\"ca\",\"url\":\"https:\/\/secure.gravatar.com\/avatar\/a0590c60a012aa8aba4fd0b2e66e8a5d?s=96&d=mm&r=g\",\"caption\":\"enfusion\"}}]}<\/script>\n<!-- \/ Yoast SEO plugin. -->","amp_validity":null,"amp_enabled":true,"_links":{"self":[{"href":"https:\/\/humboldt.es\/ca\/wp-json\/wp\/v2\/posts\/10412"}],"collection":[{"href":"https:\/\/humboldt.es\/ca\/wp-json\/wp\/v2\/posts"}],"about":[{"href":"https:\/\/humboldt.es\/ca\/wp-json\/wp\/v2\/types\/post"}],"author":[{"embeddable":true,"href":"https:\/\/humboldt.es\/ca\/wp-json\/wp\/v2\/users\/1"}],"replies":[{"embeddable":true,"href":"https:\/\/humboldt.es\/ca\/wp-json\/wp\/v2\/comments?post=10412"}],"version-history":[{"count":1,"href":"https:\/\/humboldt.es\/ca\/wp-json\/wp\/v2\/posts\/10412\/revisions"}],"predecessor-version":[{"id":10413,"href":"https:\/\/humboldt.es\/ca\/wp-json\/wp\/v2\/posts\/10412\/revisions\/10413"}],"wp:attachment":[{"href":"https:\/\/humboldt.es\/ca\/wp-json\/wp\/v2\/media?parent=10412"}],"wp:term":[{"taxonomy":"category","embeddable":true,"href":"https:\/\/humboldt.es\/ca\/wp-json\/wp\/v2\/categories?post=10412"},{"taxonomy":"post_tag","embeddable":true,"href":"https:\/\/humboldt.es\/ca\/wp-json\/wp\/v2\/tags?post=10412"}],"curies":[{"name":"wp","href":"https:\/\/api.w.org\/{rel}","templated":true}]}}