{"id":17795,"date":"2020-12-23T09:06:30","date_gmt":"2020-12-23T09:06:30","guid":{"rendered":"https:\/\/humboldt.es\/humboldt-covid19-bancdelsaliments\/"},"modified":"2021-03-01T11:36:10","modified_gmt":"2021-03-01T11:36:10","slug":"humboldt-covid19-bancdelsaliments","status":"publish","type":"post","link":"https:\/\/humboldt.es\/ca\/humboldt-covid19-bancdelsaliments\/","title":{"rendered":"Humboldt col\u00b7labora aquest any amb @BancDelsAliments"},"content":{"rendered":"<p>D&#8217;aqu\u00ed a poc ja far\u00e0 un any des que va apar\u00e8ixer el Coronavirus i va canviar les nostres vides.<\/p>\n<p><strong>Ara, m\u00e9s que mai, a Humboldt estem sensibilitzats amb la responsabilitat social i hem col\u00b7laborat amb el <a class=\"notranslate\" tabindex=\"0\" href=\"https:\/\/www.instagram.com\/BancDelsAliments\/\">@BancDelsAliments<\/a> per atendre l&#8217;emerg\u00e8ncia aliment\u00e0ria que s&#8217;ha agreujat pel Covid19<\/strong>.<\/p>\n<p>Perqu\u00e8 preocupar-se del benestar dels altres i ser solidari tamb\u00e9 \u00e9s la nostra missi\u00f3. <a class=\" xil3i\" tabindex=\"0\" href=\"https:\/\/www.instagram.com\/explore\/tags\/futurosinpobreza\/\">#futurosinpobreza<\/a><\/p>\n<p><!--more--><\/p>\n<h2><strong>Gr\u00e0cies per seguir confiant en nosaltres !!!!<\/strong><\/h2>\n<p>Aquest any, <a href=\"https:\/\/humboldt.es\/ca\/\">Humboldt<\/a>\u00a0brinda simb\u00f2licament amb vosaltres per un 2021 que deixi enrere la pand\u00e8mia i que porti benestar per a tothom, especialment a aquells col\u00b7lectius m\u00e9s vulnerables i desfavorits..<\/p>\n<p><strong>Que la nova realitat del 2021 deixi de ser, per a molts, una nevera buida.<\/strong><\/p>\n<p><span style=\"color: #0015d3;\"><strong>Volem transmetre-us que seguim esfor\u00e7ant-nos cada dia per oferir-vos un millor servei i seguirem amb energia. En aquests 35 anys de la vida de Humboldt, hem sobreviscut a moltes crisis i seguirem al vostre costat per al que necessiteu.<\/strong><\/span><\/p>\n<p><strong>L&#8217; Equip Humboldt et desitja unes bones festes i un feli\u00e7 any nou!!<\/strong><\/p>\n<p><a class=\" xil3i\" tabindex=\"0\" href=\"https:\/\/www.instagram.com\/explore\/tags\/learningwithoutborders\/\">#learningwithoutborders<\/a>\u00a0<a class=\" xil3i\" tabindex=\"0\" href=\"https:\/\/www.instagram.com\/explore\/tags\/barcelona\/\">#barcelona<\/a>\u00a0<a class=\" xil3i\" tabindex=\"0\" href=\"https:\/\/www.instagram.com\/explore\/tags\/aprendeidiomas\/\">#aprendreidiomes<\/a>\u00a0<a class=\" xil3i\" tabindex=\"0\" href=\"https:\/\/www.instagram.com\/explore\/tags\/coronavirus\/\">#coronavirus<\/a><\/p>\n","protected":false},"excerpt":{"rendered":"<p>Perqu\u00e8 preocupar-se del benestar dels altres i ser solidari tamb\u00e9 \u00e9s la nostra missi\u00f3. #futurosinpobreza<\/p>\n","protected":false},"author":3,"featured_media":17797,"comment_status":"open","ping_status":"open","sticky":false,"template":"","format":"standard","meta":[],"categories":[257,251,255,100],"tags":[430,431,266,408],"yoast_head":"<!-- This site is optimized with the Yoast SEO plugin v15.9.1 - https:\/\/yoast.com\/wordpress\/plugins\/seo\/ -->\n<title>Humboldt col\u00b7labora aquest any amb @BancDelsAliments | Humboldt<\/title>\n<meta name=\"description\" content=\"Aquest any, m\u00e9s que mai, a Humboldt estem sensibilitzats amb la responsabilitat social i hem col\u00b7laborat amb el @BancDelsAliments per atendre l\u2019emerg\u00e8ncia aliment\u00e0ria que s\u2019ha agreujat pel Covid19.\" \/>\n<meta name=\"robots\" content=\"index, follow, max-snippet:-1, max-image-preview:large, max-video-preview:-1\" \/>\n<link rel=\"canonical\" href=\"https:\/\/humboldt.es\/ca\/humboldt-covid19-bancdelsaliments\/\" \/>\n<meta property=\"og:locale\" content=\"ca_ES\" \/>\n<meta property=\"og:type\" content=\"article\" \/>\n<meta property=\"og:title\" content=\"Humboldt col\u00b7labora aquest any amb @BancDelsAliments | Humboldt\" \/>\n<meta property=\"og:description\" content=\"Aquest any, m\u00e9s que mai, a Humboldt estem sensibilitzats amb la responsabilitat social i hem col\u00b7laborat amb el @BancDelsAliments per atendre l\u2019emerg\u00e8ncia aliment\u00e0ria que s\u2019ha agreujat pel Covid19.\" \/>\n<meta property=\"og:url\" content=\"https:\/\/humboldt.es\/ca\/humboldt-covid19-bancdelsaliments\/\" \/>\n<meta property=\"og:site_name\" content=\"Humboldt\" \/>\n<meta property=\"article:published_time\" content=\"2020-12-23T09:06:30+00:00\" \/>\n<meta property=\"article:modified_time\" content=\"2021-03-01T11:36:10+00:00\" \/>\n<meta property=\"og:image\" content=\"https:\/\/humboldt.es\/desarrollo\/wp-content\/uploads\/2020\/12\/Humboldt-colabora-con-@BancDelsAliments-1.jpg\" \/>\n\t<meta property=\"og:image:width\" content=\"780\" \/>\n\t<meta property=\"og:image:height\" content=\"796\" \/>\n<meta name=\"twitter:card\" content=\"summary_large_image\" \/>\n<meta name=\"twitter:label1\" content=\"Est. reading time\">\n\t<meta name=\"twitter:data1\" content=\"1 minute\">\n<script type=\"application\/ld+json\" class=\"yoast-schema-graph\">{\"@context\":\"https:\/\/schema.org\",\"@graph\":[{\"@type\":\"WebSite\",\"@id\":\"https:\/\/humboldt.es\/#website\",\"url\":\"https:\/\/humboldt.es\/\",\"name\":\"Humboldt\",\"description\":\"Centro de formaci\\u00f3n de idiomas en Barcelona\",\"potentialAction\":[{\"@type\":\"SearchAction\",\"target\":\"https:\/\/humboldt.es\/?s={search_term_string}\",\"query-input\":\"required name=search_term_string\"}],\"inLanguage\":\"ca\"},{\"@type\":\"ImageObject\",\"@id\":\"https:\/\/humboldt.es\/ca\/humboldt-covid19-bancdelsaliments\/#primaryimage\",\"inLanguage\":\"ca\",\"url\":\"https:\/\/humboldt.es\/desarrollo\/wp-content\/uploads\/2020\/12\/Humboldt-colabora-con-@BancDelsAliments-1.jpg\",\"width\":780,\"height\":796},{\"@type\":\"WebPage\",\"@id\":\"https:\/\/humboldt.es\/ca\/humboldt-covid19-bancdelsaliments\/#webpage\",\"url\":\"https:\/\/humboldt.es\/ca\/humboldt-covid19-bancdelsaliments\/\",\"name\":\"Humboldt col\\u00b7labora aquest any amb @BancDelsAliments | Humboldt\",\"isPartOf\":{\"@id\":\"https:\/\/humboldt.es\/#website\"},\"primaryImageOfPage\":{\"@id\":\"https:\/\/humboldt.es\/ca\/humboldt-covid19-bancdelsaliments\/#primaryimage\"},\"datePublished\":\"2020-12-23T09:06:30+00:00\",\"dateModified\":\"2021-03-01T11:36:10+00:00\",\"author\":{\"@id\":\"https:\/\/humboldt.es\/#\/schema\/person\/5a0e5b524a30ba97cc75606f801dcd5c\"},\"description\":\"Aquest any, m\\u00e9s que mai, a Humboldt estem sensibilitzats amb la responsabilitat social i hem col\\u00b7laborat amb el @BancDelsAliments per atendre l\\u2019emerg\\u00e8ncia aliment\\u00e0ria que s\\u2019ha agreujat pel Covid19.\",\"breadcrumb\":{\"@id\":\"https:\/\/humboldt.es\/ca\/humboldt-covid19-bancdelsaliments\/#breadcrumb\"},\"inLanguage\":\"ca\",\"potentialAction\":[{\"@type\":\"ReadAction\",\"target\":[\"https:\/\/humboldt.es\/ca\/humboldt-covid19-bancdelsaliments\/\"]}]},{\"@type\":\"BreadcrumbList\",\"@id\":\"https:\/\/humboldt.es\/ca\/humboldt-covid19-bancdelsaliments\/#breadcrumb\",\"itemListElement\":[{\"@type\":\"ListItem\",\"position\":1,\"item\":{\"@type\":\"WebPage\",\"@id\":\"https:\/\/humboldt.es\/ca\/\",\"url\":\"https:\/\/humboldt.es\/ca\/\",\"name\":\"Portada\"}},{\"@type\":\"ListItem\",\"position\":2,\"item\":{\"@type\":\"WebPage\",\"@id\":\"https:\/\/humboldt.es\/ca\/humboldt-covid19-bancdelsaliments\/\",\"url\":\"https:\/\/humboldt.es\/ca\/humboldt-covid19-bancdelsaliments\/\",\"name\":\"Humboldt col\\u00b7labora aquest any amb @BancDelsAliments\"}}]},{\"@type\":\"Person\",\"@id\":\"https:\/\/humboldt.es\/#\/schema\/person\/5a0e5b524a30ba97cc75606f801dcd5c\",\"name\":\"Humboldt\",\"image\":{\"@type\":\"ImageObject\",\"@id\":\"https:\/\/humboldt.es\/#personlogo\",\"inLanguage\":\"ca\",\"url\":\"https:\/\/secure.gravatar.com\/avatar\/48cc7483ef12265b8b6e41ae99fdda58?s=96&d=mm&r=g\",\"caption\":\"Humboldt\"}}]}<\/script>\n<!-- \/ Yoast SEO plugin. -->","amp_validity":null,"amp_enabled":true,"_links":{"self":[{"href":"https:\/\/humboldt.es\/ca\/wp-json\/wp\/v2\/posts\/17795"}],"collection":[{"href":"https:\/\/humboldt.es\/ca\/wp-json\/wp\/v2\/posts"}],"about":[{"href":"https:\/\/humboldt.es\/ca\/wp-json\/wp\/v2\/types\/post"}],"author":[{"embeddable":true,"href":"https:\/\/humboldt.es\/ca\/wp-json\/wp\/v2\/users\/3"}],"replies":[{"embeddable":true,"href":"https:\/\/humboldt.es\/ca\/wp-json\/wp\/v2\/comments?post=17795"}],"version-history":[{"count":6,"href":"https:\/\/humboldt.es\/ca\/wp-json\/wp\/v2\/posts\/17795\/revisions"}],"predecessor-version":[{"id":17836,"href":"https:\/\/humboldt.es\/ca\/wp-json\/wp\/v2\/posts\/17795\/revisions\/17836"}],"wp:featuredmedia":[{"embeddable":true,"href":"https:\/\/humboldt.es\/ca\/wp-json\/wp\/v2\/media\/17797"}],"wp:attachment":[{"href":"https:\/\/humboldt.es\/ca\/wp-json\/wp\/v2\/media?parent=17795"}],"wp:term":[{"taxonomy":"category","embeddable":true,"href":"https:\/\/humboldt.es\/ca\/wp-json\/wp\/v2\/categories?post=17795"},{"taxonomy":"post_tag","embeddable":true,"href":"https:\/\/humboldt.es\/ca\/wp-json\/wp\/v2\/tags?post=17795"}],"curies":[{"name":"wp","href":"https:\/\/api.w.org\/{rel}","templated":true}]}}